{"id":2205,"date":"2024-05-09T15:25:45","date_gmt":"2024-05-09T20:25:45","guid":{"rendered":"http:\/\/www.foragua.org\/?p=2205"},"modified":"2024-05-09T15:45:59","modified_gmt":"2024-05-09T20:45:59","slug":"somos-parte-de-redlac-y-del-comite-ejecutivo-2024-20226","status":"publish","type":"post","link":"http:\/\/www.foragua.org\/?p=2205","title":{"rendered":"Somos parte de RedLAC y del comite ejecutivo 2024\/2026"},"content":{"rendered":"\n<p>Desde su establecimiento en 1999, la <a href=\"https:\/\/redlac.org\/\" data-type=\"URL\" data-id=\"https:\/\/redlac.org\/\">Red de Fondos Ambientales de Latinoam\u00e9rica y el Caribe<\/a> (RedLAC) con 28 miembros de 19 paises,  se ha dedicado a promover las interrelaciones de los Fondos Ambientales de la regi\u00f3n LAC a trav\u00e9s de iniciativas de fortalecimiento de capacidades y gesti\u00f3n de conocimiento que favorecen la conservaci\u00f3n de la biodiversidad y el desarrollo sostenible de la regi\u00f3n. <\/p>\n\n\n\n<p>El Fondo Regional del Agua de Ecuador (FORAGUA) forma parte de su asamblea general de miembros desde el a\u00f1o 2019. A\u00f1o en el cual FORAGUA particip\u00f3 de la XXI Asamblea General, siguiendo el debido de proceso y realizando una presentaci\u00f3n en la que explic\u00f3 los detalles de la organizaci\u00f3n; para que consecuentemente y como lo documenta el Acta de la Asamblea Ordinaria XXI de RedLAC, firmada en M\u00e9rida, M\u00e9xico el 31 de Octubre de 2019: la Asamblea ratificara de forma un\u00e1nime la inclusi\u00f3n de<br>FORAGUA como miembro de RedLAC. Por tanto, RedLAC reconoce la participaci\u00f3n de FORAGUA y el valor agregado que este representa para la red y quienes la conforman.<\/p>\n\n\n\n<figure class=\"wp-block-image size-large\"><a href=\"http:\/\/www.foragua.org\/wp-content\/uploads\/2024\/05\/red.jpg\"><img decoding=\"async\" loading=\"lazy\" width=\"1024\" height=\"768\" src=\"http:\/\/www.foragua.org\/wp-content\/uploads\/2024\/05\/red-1024x768.jpg\" alt=\"\" class=\"wp-image-2208\" srcset=\"http:\/\/www.foragua.org\/wp-content\/uploads\/2024\/05\/red-1024x768.jpg 1024w, http:\/\/www.foragua.org\/wp-content\/uploads\/2024\/05\/red-300x225.jpg 300w, http:\/\/www.foragua.org\/wp-content\/uploads\/2024\/05\/red-768x576.jpg 768w, http:\/\/www.foragua.org\/wp-content\/uploads\/2024\/05\/red-1536x1152.jpg 1536w, http:\/\/www.foragua.org\/wp-content\/uploads\/2024\/05\/red.jpg 1600w\" sizes=\"(max-width: 1024px) 100vw, 1024px\" \/><\/a><\/figure>\n\n\n\n<p>Desde el a\u00f1o 2024, nuestro Green Champion del Green Climate Fund Francisco Gordillo es parte del comite ejecutivo de RedLAc. Los miembros del comite son: <\/p>\n\n\n\n<p>Presidente, Jorge Oviedo del <a href=\"https:\/\/fiaes.org.sv\/en_US\/\" data-type=\"URL\" data-id=\"https:\/\/fiaes.org.sv\/en_US\/\">FIAES<\/a> del Salvador<\/p>\n\n\n\n<p>Maria Jose Gonzales del <a href=\"https:\/\/marfund.org\/en\/\" data-type=\"URL\" data-id=\"https:\/\/marfund.org\/en\/\">MAR FUND<\/a><\/p>\n\n\n\n<p>Nathalia Arango del <a href=\"https:\/\/fondoaccion.org\/\" data-type=\"URL\" data-id=\"https:\/\/fondoaccion.org\/\">Fondo Acci\u00f3n<\/a> de Colombia<\/p>\n\n\n\n<p>Francisco Gordillo del FORAGUA, Ecuador<\/p>\n\n\n\n<p>Katy de la Garza de la <a href=\"https:\/\/costaricaporsiempre.org\/\" data-type=\"URL\" data-id=\"https:\/\/costaricaporsiempre.org\/\">Asociaci\u00f3n Costa Rica por Siempre<\/a><\/p>\n\n\n\n<p>Karen McDonald, <a href=\"https:\/\/caribbeanbiodiversityfund.org\/\" data-type=\"URL\" data-id=\"https:\/\/caribbeanbiodiversityfund.org\/\">Caribian Biodiversity Fund<\/a><\/p>\n\n\n\n<p>Roberto Vides, de la <a href=\"https:\/\/www.fcbc.org.bo\/\" data-type=\"URL\" data-id=\"https:\/\/www.fcbc.org.bo\/\">Fundaci\u00f3n para la Conservaci\u00f3n del Bosque Chiquitano<\/a> (FCBC)<\/p>\n\n\n\n<figure class=\"wp-block-image size-large\"><a href=\"http:\/\/www.foragua.org\/wp-content\/uploads\/2024\/05\/RedLAc-Comite.jpg\"><img decoding=\"async\" loading=\"lazy\" width=\"1024\" height=\"1024\" src=\"http:\/\/www.foragua.org\/wp-content\/uploads\/2024\/05\/RedLAc-Comite-1024x1024.jpg\" alt=\"\" class=\"wp-image-2206\" srcset=\"http:\/\/www.foragua.org\/wp-content\/uploads\/2024\/05\/RedLAc-Comite-1024x1024.jpg 1024w, http:\/\/www.foragua.org\/wp-content\/uploads\/2024\/05\/RedLAc-Comite-300x300.jpg 300w, http:\/\/www.foragua.org\/wp-content\/uploads\/2024\/05\/RedLAc-Comite-150x150.jpg 150w, http:\/\/www.foragua.org\/wp-content\/uploads\/2024\/05\/RedLAc-Comite-768x768.jpg 768w, http:\/\/www.foragua.org\/wp-content\/uploads\/2024\/05\/RedLAc-Comite-1536x1536.jpg 1536w, http:\/\/www.foragua.org\/wp-content\/uploads\/2024\/05\/RedLAc-Comite.jpg 1920w\" sizes=\"(max-width: 1024px) 100vw, 1024px\" \/><\/a><\/figure>\n","protected":false},"excerpt":{"rendered":"<p>Desde su establecimiento en 1999, la Red de Fondos Ambientales de Latinoam\u00e9rica y el Caribe (RedLAC) con 28 miembros de 19 paises, se ha dedicado a promover las interrelaciones de los Fondos Ambientales de la regi\u00f3n LAC a trav\u00e9s de iniciativas de fortalecimiento de capacidades y gesti\u00f3n de conocimiento que favorecen la conservaci\u00f3n de la [&hellip;]<\/p>\n","protected":false},"author":1,"featured_media":2207,"comment_status":"closed","ping_status":"closed","sticky":true,"template":"","format":"standard","meta":[],"categories":[1],"tags":[],"_links":{"self":[{"href":"http:\/\/www.foragua.org\/index.php?rest_route=\/wp\/v2\/posts\/2205"}],"collection":[{"href":"http:\/\/www.foragua.org\/index.php?rest_route=\/wp\/v2\/posts"}],"about":[{"href":"http:\/\/www.foragua.org\/index.php?rest_route=\/wp\/v2\/types\/post"}],"author":[{"embeddable":true,"href":"http:\/\/www.foragua.org\/index.php?rest_route=\/wp\/v2\/users\/1"}],"replies":[{"embeddable":true,"href":"http:\/\/www.foragua.org\/index.php?rest_route=%2Fwp%2Fv2%2Fcomments&post=2205"}],"version-history":[{"count":2,"href":"http:\/\/www.foragua.org\/index.php?rest_route=\/wp\/v2\/posts\/2205\/revisions"}],"predecessor-version":[{"id":2210,"href":"http:\/\/www.foragua.org\/index.php?rest_route=\/wp\/v2\/posts\/2205\/revisions\/2210"}],"wp:featuredmedia":[{"embeddable":true,"href":"http:\/\/www.foragua.org\/index.php?rest_route=\/wp\/v2\/media\/2207"}],"wp:attachment":[{"href":"http:\/\/www.foragua.org\/index.php?rest_route=%2Fwp%2Fv2%2Fmedia&parent=2205"}],"wp:term":[{"taxonomy":"category","embeddable":true,"href":"http:\/\/www.foragua.org\/index.php?rest_route=%2Fwp%2Fv2%2Fcategories&post=2205"},{"taxonomy":"post_tag","embeddable":true,"href":"http:\/\/www.foragua.org\/index.php?rest_route=%2Fwp%2Fv2%2Ftags&post=2205"}],"curies":[{"name":"wp","href":"https:\/\/api.w.org\/{rel}","templated":true}]}}