{"id":666,"date":"2017-07-04T19:09:42","date_gmt":"2017-07-05T00:09:42","guid":{"rendered":"http:\/\/www.foragua.org\/?p=666"},"modified":"2020-05-20T14:25:11","modified_gmt":"2020-05-20T19:25:11","slug":"como-ser-parte","status":"publish","type":"post","link":"http:\/\/www.foragua.org\/?p=666","title":{"rendered":"COMO SER MIEMBRO?"},"content":{"rendered":"<h3 style=\"text-align: center;\"><strong><span style=\"color: #0000ff;\">SOBRE EL PROCESO DE ADHESI\u00d3N AL FONDO<\/span><\/strong><\/h3>\n<p style=\"text-align: justify;\">Para ser parte de nuestra organizaci\u00f3n, los municipios deben cumplir los siguientes requisitos:<\/p>\n<ol style=\"text-align: justify;\">\n<li>Expresar la <strong>voluntad pol\u00edtica<\/strong> y financiera para ser nuevo constituyente mediante una carta de intenci\u00f3n dirigida al Presidente del Directorio, quienes analizaran la pertinencia y condiciones.\u00a0El Directorio resolver\u00e1 la aceptaci\u00f3n del nuevo constituyente y se ratificar\u00e1 en la Junta del fideicomiso.<\/li>\n<li>La Secretar\u00eda T\u00e9cnica, mediante convenio iniciar\u00e1 estudios de caracterizaci\u00f3n de las fuentes y sistemas de agua que est\u00e1n a cargo del municipio. Se <strong>generar\u00e1 una l\u00ednea base ambiental<\/strong> y\u00a0 la propuesta de ordenanza que establece las \u00e1reas de conservaci\u00f3n municipales y de uso sostenible llamadas ACMUS que incluyen las zonas de inter\u00e9s h\u00eddrico.<\/li>\n<li>Validaci\u00f3n de a la linea base con los t\u00e9cnicos municipales y el cabildo para su aprobaci\u00f3n en base a la propuesta de la Ordenanza de conservaci\u00f3n de fuentes de agua y biodiversidad, la cual incluye el ACMUS que regula el uso y ocupaci\u00f3n del suelo; el financiamiento a trav\u00e9s del cobro de una <strong>tasa ambiental<\/strong> al consumo de agua potable y los incentivos o sanciones a los propietarios de los predios. Estas \u00e1reas se\u00a0 publican en la gaceta municipal y\/o el Registro Oficial.<\/li>\n<li>Firma del convenio El Ministerio de Finanzas autorizara la firma del contrato de adhesi\u00f3n a FORAGUA.<\/li>\n<li>Firma el contrato de adhesi\u00f3n al FORAGUA entre la fiduciaria CFN y el GAD Municipal ante notario publico.<\/li>\n<li>Firma del convenio de d\u00e9bito autom\u00e1tico con el Banco Central del Ecuador para transferencia de recursos recaudados de tasa ambiental.<\/li>\n<li>Los recursos acumulados se ejecutan en base a la ordenanza y el el contrato de fideicomiso mediante aprobaci\u00f3n anual del Plan de Inversi\u00f3n en el cabildo y Directorio. En esta fase se suman los recurso de los proyectos de cooperaci\u00f3n.<br \/>\n<a href=\"http:\/\/www.foragua.org\/wp-content\/uploads\/2017\/07\/Proceso-adhesion.png\"><img decoding=\"async\" loading=\"lazy\" class=\"aligncenter wp-image-444 size-full\" src=\"http:\/\/www.foragua.org\/wp-content\/uploads\/2017\/07\/Proceso-adhesion.png\" alt=\"\" width=\"1301\" height=\"868\" srcset=\"http:\/\/www.foragua.org\/wp-content\/uploads\/2017\/07\/Proceso-adhesion.png 1301w, http:\/\/www.foragua.org\/wp-content\/uploads\/2017\/07\/Proceso-adhesion-300x200.png 300w, http:\/\/www.foragua.org\/wp-content\/uploads\/2017\/07\/Proceso-adhesion-768x512.png 768w, http:\/\/www.foragua.org\/wp-content\/uploads\/2017\/07\/Proceso-adhesion-1024x683.png 1024w\" sizes=\"(max-width: 1301px) 100vw, 1301px\" \/><\/a><span style=\"color: #999999;\"><em><strong>\u00abSi una instituci\u00f3n privada o publica que no sea municipio quiere ser parte del fideicomiso, tiene que solicitar por escrito la petici\u00f3n, y luego de la negociaci\u00f3n de los acuerdos de participaci\u00f3n, la junta decidir\u00e1 la aceptaci\u00f3n bajo las condiciones de un contrato de adhesi\u00f3n. \u00ab<\/strong><\/em><\/span><\/li>\n<\/ol>\n<p style=\"text-align: justify;\"><strong>FORAGUA<\/strong> es la \u00fanica iniciativa que permite a los municipios\u00a0 bajo un mismo mecanismo invertir efectivamente el 90% en la conservacion de sus ACMUS. Otros fidecomisos y organizaciones han replicado el modelo, como es el caso del Fondo de Agua para la Protecci\u00f3n de la cuenca del Paute \u00ab<b>FONAPA\u00bb,\u00a0 <\/b>que actualmente adopta esta figura para integrar mas municipios de la Regi\u00f3n 6 del Ecuador.<\/p>\n<p style=\"text-align: justify;\"><a href=\"http:\/\/www.foragua.org\/wp-content\/uploads\/2017\/07\/visitas.png\"><img decoding=\"async\" loading=\"lazy\" class=\"wp-image-688 aligncenter\" src=\"http:\/\/www.foragua.org\/wp-content\/uploads\/2017\/07\/visitas.png\" alt=\"\" width=\"292\" height=\"194\" srcset=\"http:\/\/www.foragua.org\/wp-content\/uploads\/2017\/07\/visitas.png 382w, http:\/\/www.foragua.org\/wp-content\/uploads\/2017\/07\/visitas-300x200.png 300w\" sizes=\"(max-width: 292px) 100vw, 292px\" \/><\/a><a href=\"http:\/\/www.foragua.org\/wp-content\/uploads\/2017\/07\/39991081_977883329051105_2804463135749046272_n.jpg\"><img decoding=\"async\" loading=\"lazy\" class=\"wp-image-1036 aligncenter\" src=\"http:\/\/www.foragua.org\/wp-content\/uploads\/2017\/07\/39991081_977883329051105_2804463135749046272_n.jpg\" alt=\"\" width=\"292\" height=\"161\" srcset=\"http:\/\/www.foragua.org\/wp-content\/uploads\/2017\/07\/39991081_977883329051105_2804463135749046272_n.jpg 960w, http:\/\/www.foragua.org\/wp-content\/uploads\/2017\/07\/39991081_977883329051105_2804463135749046272_n-300x165.jpg 300w, http:\/\/www.foragua.org\/wp-content\/uploads\/2017\/07\/39991081_977883329051105_2804463135749046272_n-768x422.jpg 768w, http:\/\/www.foragua.org\/wp-content\/uploads\/2017\/07\/39991081_977883329051105_2804463135749046272_n-545x300.jpg 545w\" sizes=\"(max-width: 292px) 100vw, 292px\" \/><\/a><\/p>\n<p style=\"text-align: justify;\"><a href=\"http:\/\/www.foragua.org\/wp-content\/uploads\/2017\/07\/africa.jpg\"><img decoding=\"async\" loading=\"lazy\" class=\"wp-image-678 aligncenter\" src=\"http:\/\/www.foragua.org\/wp-content\/uploads\/2017\/07\/africa.jpg\" alt=\"\" width=\"290\" height=\"218\" srcset=\"http:\/\/www.foragua.org\/wp-content\/uploads\/2017\/07\/africa.jpg 365w, http:\/\/www.foragua.org\/wp-content\/uploads\/2017\/07\/africa-300x225.jpg 300w\" sizes=\"(max-width: 290px) 100vw, 290px\" \/><\/a>Este mecanismo esta apoyado en el asesoramiento a varios municipios del pa\u00eds y est\u00e1 considerado como delo \u00fanico en la Regi\u00f3n de Sud Am\u00e9rica. Tambi\u00e9n han visitado la experiencia pa\u00edses de Vietnam, Filipinas, Per\u00fa, Brasil, Bolivia, EEUU, B\u00e9lgica, Francia, Colombia, Bolivia y Gana.<\/p>\n<h3 style=\"text-align: center;\"><span style=\"color: #0000ff;\"><strong>EXPANSI\u00d3N DEL FONDO<\/strong><\/span><\/h3>\n<p>FORAGUA, dentro los Objetivos de Desarrollo Sostenible ODS, propuestos por las Naciones Unidas dentro de la agenda 2030, propone enfocar en los objetivos 6 y 15 metas para establecer en la regi\u00f3n 7 del Ecuador, que establezcan un modelo sostenible de conservaci\u00f3n de los bosques que a\u00fan est\u00e1n en buen estado de conservaci\u00f3n, que permitan unificar \u00e1reas estatales del sistema de \u00e1reas protegidas del Ministerio del Ambiente con las\u00a0 municipales, para el restablecimiento de los ecosistemas degradados, recuperar los biocorredores con un enfoque que incluya todas las captaciones de agua para consumo humano.<\/p>\n<p><a href=\"http:\/\/www.foragua.org\/wp-content\/uploads\/2017\/07\/ACABs-2.jpg.png\"><img decoding=\"async\" loading=\"lazy\" class=\"wp-image-1386 alignright\" src=\"http:\/\/www.foragua.org\/wp-content\/uploads\/2017\/07\/ACABs-2.jpg.png\" alt=\"\" width=\"193\" height=\"192\" srcset=\"http:\/\/www.foragua.org\/wp-content\/uploads\/2017\/07\/ACABs-2.jpg.png 522w, http:\/\/www.foragua.org\/wp-content\/uploads\/2017\/07\/ACABs-2.jpg-300x298.png 300w, http:\/\/www.foragua.org\/wp-content\/uploads\/2017\/07\/ACABs-2.jpg-150x150.png 150w\" sizes=\"(max-width: 193px) 100vw, 193px\" \/><\/a>Durante la pr\u00f3xima d\u00e9cada, los esfuerzos se enfocan a la restauraci\u00f3n total de las \u00e1reas de inter\u00e9s h\u00eddrico, donde\u00a0 el <strong>\u201cPrograma de incentivos permanentes por compensaci\u00f3n de servicios ambientales\u201d,<\/strong> nos permitir\u00e1 garantizar la calidad y cantidad gracias a la firma de acuerdos de conservaci\u00f3n por agua y los bosques, m\u00e1s la restauraci\u00f3n y conservaci\u00f3n de los ecosistemas (ACABs+). Este acuerdo esta basado en la ordenanza municipal que regula el uso del suelo y financia la implementaci\u00f3n de acciones, buscando la negociaci\u00f3n adecuada\u00a0 entre propietarios, el municipio y el FORAGUA.<\/p>\n<p>As\u00ed tambi\u00e9n se estamos proponiendo la capitalizaci\u00f3n de FORAGUA a traves de negocios verdes dentro las \u00e1reas de uso sostenible y de amortiguamiento e influencia de las \u00e1reas de conservaci\u00f3n ACMUS, para de este modo intervenir en los predios privados y propios, cuya producci\u00f3n permita la sostenibilidad de un nuevo modelo de negocios que afiancen el funcionamiento del fondo y no dependan de agentes externos o pol\u00edticos.<\/p>\n<p><a href=\"http:\/\/www.foragua.org\/wp-content\/uploads\/2020\/05\/Miembro-RedLAC.png\"><img decoding=\"async\" loading=\"lazy\" class=\"alignleft  wp-image-1346\" src=\"http:\/\/www.foragua.org\/wp-content\/uploads\/2020\/05\/Miembro-RedLAC-717x1024.png\" alt=\"\" width=\"213\" height=\"304\" srcset=\"http:\/\/www.foragua.org\/wp-content\/uploads\/2020\/05\/Miembro-RedLAC-717x1024.png 717w, http:\/\/www.foragua.org\/wp-content\/uploads\/2020\/05\/Miembro-RedLAC-210x300.png 210w, http:\/\/www.foragua.org\/wp-content\/uploads\/2020\/05\/Miembro-RedLAC-230x328.png 230w, http:\/\/www.foragua.org\/wp-content\/uploads\/2020\/05\/Miembro-RedLAC-350x500.png 350w, http:\/\/www.foragua.org\/wp-content\/uploads\/2020\/05\/Miembro-RedLAC-480x685.png 480w, http:\/\/www.foragua.org\/wp-content\/uploads\/2020\/05\/Miembro-RedLAC.png 755w\" sizes=\"(max-width: 213px) 100vw, 213px\" \/><\/a>Este proceso ha permitido a FORAGUA desmostar que ademas es un <strong>FONDO AMBIENTAL<\/strong>. Por eso en el a\u00f1o 2019 cumpli\u00f3 los requerimientos para ser miembro de la red latinoamericana y del caribe de Fondos Ambientales <a href=\"https:\/\/redlac.org\/\"><strong>RedLAC<\/strong><\/a>, quienes reconocieron como el primer fondo de agua parte de esta iniciativa que lleva 20 a\u00f1os trabajado en 18 pa\u00edses. Esta red busca atraer recursos financieros de fuentes nacionales e internacionales; influir y promover cambios favorables en la pol\u00edtica ambiental del pa\u00eds y la regi\u00f3n; promover el fortalecimiento de los sistemas nacionales y regionales de \u00e1reas naturales protegidas; y promover iniciativas o programas innovadores para la implementaci\u00f3n de estrategias de conservaci\u00f3n y uso sostenible de los recursos naturales.<a href=\"http:\/\/www.foragua.org\/wp-content\/uploads\/2020\/05\/FB_IMG_1558466638165.jpg\"><img decoding=\"async\" loading=\"lazy\" class=\"alignleft size-full wp-image-1758\" src=\"http:\/\/www.foragua.org\/wp-content\/uploads\/2020\/05\/FB_IMG_1558466638165.jpg\" alt=\"\" width=\"703\" height=\"582\" srcset=\"http:\/\/www.foragua.org\/wp-content\/uploads\/2020\/05\/FB_IMG_1558466638165.jpg 703w, http:\/\/www.foragua.org\/wp-content\/uploads\/2020\/05\/FB_IMG_1558466638165-300x248.jpg 300w\" sizes=\"(max-width: 703px) 100vw, 703px\" \/><\/a><\/p>\n<p><a href=\"http:\/\/www.foragua.org\/wp-content\/uploads\/2017\/07\/premio-v.png\"><img decoding=\"async\" loading=\"lazy\" class=\"wp-image-1389 alignright\" src=\"http:\/\/www.foragua.org\/wp-content\/uploads\/2017\/07\/premio-v.png\" alt=\"\" width=\"158\" height=\"127\" srcset=\"http:\/\/www.foragua.org\/wp-content\/uploads\/2017\/07\/premio-v.png 505w, http:\/\/www.foragua.org\/wp-content\/uploads\/2017\/07\/premio-v-300x241.png 300w\" sizes=\"(max-width: 158px) 100vw, 158px\" \/><\/a>Finalmente, podemos destacar el <strong><a href=\"https:\/\/www.greenclimate.fund\/news\/gcf-launches-green-champions-awards-recognise-outstanding-climate-change-efforts-developing\">Premio Mundial<\/a>,\u00a0<\/strong> que fue entregado por el Fondo Verde para el Clima, GCF en sus siglas en ingl\u00e9s, como <strong>ganador a la iniciativa clim\u00e1tica<\/strong> <strong>y logro toda de vida<\/strong> en la Cumbre del Clima COP-25 en Madrid a finales del a\u00f1o 2019. <a href=\"https:\/\/www.elcomercio.com\/tendencias\/tricolor-francisco-gordillo-galardonado-marco.html\"><img decoding=\"async\" loading=\"lazy\" class=\"alignleft size-large wp-image-1387\" src=\"http:\/\/www.foragua.org\/wp-content\/uploads\/2017\/07\/Logo-Green-Champions-1024x261.png\" alt=\"\" width=\"656\" height=\"167\" srcset=\"http:\/\/www.foragua.org\/wp-content\/uploads\/2017\/07\/Logo-Green-Champions-1024x261.png 1024w, http:\/\/www.foragua.org\/wp-content\/uploads\/2017\/07\/Logo-Green-Champions-300x76.png 300w, http:\/\/www.foragua.org\/wp-content\/uploads\/2017\/07\/Logo-Green-Champions-768x195.png 768w, http:\/\/www.foragua.org\/wp-content\/uploads\/2017\/07\/Logo-Green-Champions-1536x391.png 1536w, http:\/\/www.foragua.org\/wp-content\/uploads\/2017\/07\/Logo-Green-Champions.png 1540w\" sizes=\"(max-width: 656px) 100vw, 656px\" \/><\/a><\/p>\n","protected":false},"excerpt":{"rendered":"<p>SOBRE EL PROCESO DE ADHESI\u00d3N AL FONDO Para ser parte de nuestra organizaci\u00f3n, los municipios deben cumplir los siguientes requisitos: Expresar la voluntad pol\u00edtica y financiera para ser nuevo constituyente mediante una carta de intenci\u00f3n dirigida al Presidente del Directorio, quienes analizaran la pertinencia y condiciones.\u00a0El Directorio resolver\u00e1 la aceptaci\u00f3n del nuevo constituyente y se [&hellip;]<\/p>\n","protected":false},"author":1,"featured_media":324,"comment_status":"closed","ping_status":"closed","sticky":false,"template":"","format":"standard","meta":[],"categories":[1],"tags":[],"_links":{"self":[{"href":"http:\/\/www.foragua.org\/index.php?rest_route=\/wp\/v2\/posts\/666"}],"collection":[{"href":"http:\/\/www.foragua.org\/index.php?rest_route=\/wp\/v2\/posts"}],"about":[{"href":"http:\/\/www.foragua.org\/index.php?rest_route=\/wp\/v2\/types\/post"}],"author":[{"embeddable":true,"href":"http:\/\/www.foragua.org\/index.php?rest_route=\/wp\/v2\/users\/1"}],"replies":[{"embeddable":true,"href":"http:\/\/www.foragua.org\/index.php?rest_route=%2Fwp%2Fv2%2Fcomments&post=666"}],"version-history":[{"count":19,"href":"http:\/\/www.foragua.org\/index.php?rest_route=\/wp\/v2\/posts\/666\/revisions"}],"predecessor-version":[{"id":1900,"href":"http:\/\/www.foragua.org\/index.php?rest_route=\/wp\/v2\/posts\/666\/revisions\/1900"}],"wp:featuredmedia":[{"embeddable":true,"href":"http:\/\/www.foragua.org\/index.php?rest_route=\/wp\/v2\/media\/324"}],"wp:attachment":[{"href":"http:\/\/www.foragua.org\/index.php?rest_route=%2Fwp%2Fv2%2Fmedia&parent=666"}],"wp:term":[{"taxonomy":"category","embeddable":true,"href":"http:\/\/www.foragua.org\/index.php?rest_route=%2Fwp%2Fv2%2Fcategories&post=666"},{"taxonomy":"post_tag","embeddable":true,"href":"http:\/\/www.foragua.org\/index.php?rest_route=%2Fwp%2Fv2%2Ftags&post=666"}],"curies":[{"name":"wp","href":"https:\/\/api.w.org\/{rel}","templated":true}]}}