{"id":693,"date":"2017-07-20T20:13:05","date_gmt":"2017-07-21T01:13:05","guid":{"rendered":"http:\/\/www.foragua.org\/?p=693"},"modified":"2024-07-10T11:11:13","modified_gmt":"2024-07-10T16:11:13","slug":"bienvenidos","status":"publish","type":"post","link":"http:\/\/www.foragua.org\/?p=693","title":{"rendered":"GREEN CHAMPION DEL GCF EN LA COP25"},"content":{"rendered":"\n<figure class=\"wp-block-image size-large\"><img decoding=\"async\" loading=\"lazy\" width=\"1024\" height=\"588\" src=\"http:\/\/www.foragua.org\/wp-content\/uploads\/2022\/02\/Mecanismo-compensacion-1024x588.png\" alt=\"\" class=\"wp-image-2160\" srcset=\"http:\/\/www.foragua.org\/wp-content\/uploads\/2022\/02\/Mecanismo-compensacion-1024x588.png 1024w, http:\/\/www.foragua.org\/wp-content\/uploads\/2022\/02\/Mecanismo-compensacion-300x172.png 300w, http:\/\/www.foragua.org\/wp-content\/uploads\/2022\/02\/Mecanismo-compensacion-768x441.png 768w, http:\/\/www.foragua.org\/wp-content\/uploads\/2022\/02\/Mecanismo-compensacion-1536x881.png 1536w, http:\/\/www.foragua.org\/wp-content\/uploads\/2022\/02\/Mecanismo-compensacion.png 1957w\" sizes=\"(max-width: 1024px) 100vw, 1024px\" \/><\/figure>\n\n\n<div class=\"wp-block-image\">\n<figure class=\"aligncenter size-full\"><a href=\"http:\/\/www.foragua.org\/wp-content\/uploads\/2017\/07\/green-champions.png\"><img decoding=\"async\" loading=\"lazy\" width=\"512\" height=\"130\" src=\"http:\/\/www.foragua.org\/wp-content\/uploads\/2017\/07\/green-champions.png\" alt=\"\" class=\"wp-image-2213\" srcset=\"http:\/\/www.foragua.org\/wp-content\/uploads\/2017\/07\/green-champions.png 512w, http:\/\/www.foragua.org\/wp-content\/uploads\/2017\/07\/green-champions-300x76.png 300w\" sizes=\"(max-width: 512px) 100vw, 512px\" \/><\/a><\/figure><\/div>\n\n<div class=\"post-inner\" style=\"box-sizing: border-box; -webkit-font-smoothing: antialiased; width: 520px; max-width: 99%; margin: 0px auto; padding: 0px 0px 0px; color: #1d1d1d; font-family: Montserrat, 'Helvetica Neue', Helvetica, sans-serif; font-size: 16px; font-style: normal; font-variant-ligatures: normal; font-variant-caps: normal; font-weight: normal; letter-spacing: normal; orphans: 2; text-align: start; text-indent: 0px; text-transform: none; white-space: normal; widows: 2; word-spacing: 0px; -webkit-text-stroke-width: 0px; text-decoration-style: initial; text-decoration-color: initial;\">\n<div class=\"post-content\" style=\"box-sizing: border-box; -webkit-font-smoothing: antialiased; font-family: 'Droid Serif', Georgia, serif; color: #333333; position: relative; text-align: left;\">\n<div class=\"td-post-header\" style=\"color: #333333; font-family: 'Droid Serif', Georgia, serif; font-size: 16px; font-style: normal; font-variant-ligatures: normal; font-variant-caps: normal; font-weight: normal; letter-spacing: normal; text-transform: none; white-space: normal; word-spacing: 0px; -webkit-text-stroke-width: 0px;\"><header class=\"td-post-title\">\n<h1 class=\"entry-title\">EL SECRETARIO T\u00c9CNICO ES EL GREEN CHAMPION DEL Green Climate Fund en la COP25<\/h1>\n<p>\u00a0<\/p>\n<\/header><\/div>\n<div class=\"td-post-content tagdiv-type\" data-wp-editing=\"1\">\n<p style=\"color: #333333; font-family: 'Droid Serif', Georgia, serif; font-size: 16px; font-style: normal; font-variant-ligatures: normal; font-variant-caps: normal; font-weight: normal; letter-spacing: normal; text-transform: none; white-space: normal; word-spacing: 0px; -webkit-text-stroke-width: 0px;\">El\u00a0<em><strong>Green Climate Fund<\/strong><\/em>\u00a0(GCF) es el fondo m\u00e1s grande del mundo dedicado a combatir el cambio clim\u00e1tico. Naci\u00f3 en 2010 en el marco de la\u00a0<strong>Convenci\u00f3n Marco de las Naciones Unidas sobre Cambio Clim\u00e1tico<\/strong>\u00a0para convertir en acciones clim\u00e1ticas planes innovadores inspirados en la reducci\u00f3n de CO2 y adaptaci\u00f3n al clima.<span id=\"more-137093\"><\/span><\/p>\n<figure id=\"attachment_137107\" class=\"wp-caption alignright\" style=\"width: 260px;\" aria-describedby=\"caption-attachment-137107\"><img decoding=\"async\" loading=\"lazy\" class=\" wp-image-137107 lazyloaded\" src=\"https:\/\/i0.wp.com\/periodistas-es.com\/wp-content\/uploads\/2019\/12\/Estatuilla-premio-Green-Champions.jpg?resize=400%2C533&amp;ssl=1\" sizes=\"(max-width: 400px) 100vw, 400px\" srcset=\"https:\/\/i0.wp.com\/periodistas-es.com\/wp-content\/uploads\/2019\/12\/Estatuilla-premio-Green-Champions.jpg?w=400&amp;ssl=1 400w, https:\/\/i0.wp.com\/periodistas-es.com\/wp-content\/uploads\/2019\/12\/Estatuilla-premio-Green-Champions.jpg?resize=263%2C350&amp;ssl=1 263w, https:\/\/i0.wp.com\/periodistas-es.com\/wp-content\/uploads\/2019\/12\/Estatuilla-premio-Green-Champions.jpg?resize=195%2C260&amp;ssl=1 195w\" alt=\"Estatuilla premio Green Champions\" width=\"260\" height=\"346\" data-lazy-srcset=\"https:\/\/i0.wp.com\/periodistas-es.com\/wp-content\/uploads\/2019\/12\/Estatuilla-premio-Green-Champions.jpg?w=400&amp;ssl=1 400w, https:\/\/i0.wp.com\/periodistas-es.com\/wp-content\/uploads\/2019\/12\/Estatuilla-premio-Green-Champions.jpg?resize=263%2C350&amp;ssl=1 263w, https:\/\/i0.wp.com\/periodistas-es.com\/wp-content\/uploads\/2019\/12\/Estatuilla-premio-Green-Champions.jpg?resize=195%2C260&amp;ssl=1 195w\" data-lazy-sizes=\"(max-width: 400px) 100vw, 400px\" data-recalc-dims=\"1\" data-lazy-src=\"https:\/\/i0.wp.com\/periodistas-es.com\/wp-content\/uploads\/2019\/12\/Estatuilla-premio-Green-Champions.jpg?resize=400%2C533&amp;ssl=1\" data-was-processed=\"true\" \/>\n<figcaption id=\"caption-attachment-137107\" class=\"wp-caption-text\"><em><span style=\"color: #999999;\">Estatuilla premio Green Champions<\/span><\/em><\/figcaption>\n<\/figure>\n<p style=\"color: #333333; font-family: 'Droid Serif', Georgia, serif; font-size: 16px; font-style: normal; font-variant-ligatures: normal; font-variant-caps: normal; font-weight: normal; letter-spacing: normal; text-transform: none; white-space: normal; word-spacing: 0px; -webkit-text-stroke-width: 0px;\">El GCF est\u00e1 promoviendo un cambio de paradigma a nivel mundial especialmente visible en las naciones m\u00e1s vulnerables al cambio clim\u00e1tico. Tiene su sede en Corea del Sur.<\/p>\n<p style=\"color: #333333; font-family: 'Droid Serif', Georgia, serif; font-size: 16px; font-style: normal; font-variant-ligatures: normal; font-variant-caps: normal; font-weight: normal; letter-spacing: normal; text-transform: none; white-space: normal; word-spacing: 0px; -webkit-text-stroke-width: 0px;\">Por primera vez desde su fundaci\u00f3n el GCF (Fondo clim\u00e1tico Verde) ha creado premios a acciones clim\u00e1ticas relevantes, representadas por personas que a nivel individual o comunitario se han hecho acreedoras a ellos. Los premiados fueron anunciados el pasado viernes 6 de diciembre (2019) en la Cumbre del Clima que se celebra estos d\u00edas en la capital de Espa\u00f1a.<\/p>\n<p style=\"color: #333333; font-family: 'Droid Serif', Georgia, serif; font-size: 16px; font-style: normal; font-variant-ligatures: normal; font-variant-caps: normal; font-weight: normal; letter-spacing: normal; text-transform: none; white-space: normal; word-spacing: 0px; -webkit-text-stroke-width: 0px;\">El premio es un reflejo de la diversidad y globalidad de la crisis clim\u00e1tica por los pa\u00edses de donde vienen:<\/p>\n<p style=\"color: #333333; font-family: 'Droid Serif', Georgia, serif; font-size: 16px; font-style: normal; font-variant-ligatures: normal; font-variant-caps: normal; font-weight: normal; letter-spacing: normal; text-transform: none; white-space: normal; word-spacing: 0px; -webkit-text-stroke-width: 0px;\"><strong>Francisco Gordillo <\/strong>de Ecuador, fue elegido como el <em>Campe\u00f3n Toda una Vida.<\/em><\/p>\n<p style=\"color: #333333; font-family: 'Droid Serif', Georgia, serif; font-size: 16px; font-style: normal; font-variant-ligatures: normal; font-variant-caps: normal; font-weight: normal; letter-spacing: normal; text-transform: none; white-space: normal; word-spacing: 0px; -webkit-text-stroke-width: 0px;\">Se analizaron 280 proyectos presentados por personas y organizaciones de pa\u00edses de \u00c1frica, Asia, Am\u00e9rica Latina, Am\u00e9rica del Norte, Europa y pa\u00edses del Pac\u00edfico Sur. El premio del GCF por sus iniciativas ambientales, sociales y empresariales con las que ya han logrado avances notables en sus pa\u00edses de origen en la reducci\u00f3n del efecto invernadero. Estos premios van a ser inspiradores\u00a0 en la toma de conciencia mundial sobre la emergencia clim\u00e1tica que ya est\u00e1 aqu\u00ed.<\/p>\n<p style=\"color: #333333; font-family: 'Droid Serif', Georgia, serif; font-size: 16px; font-style: normal; font-variant-ligatures: normal; font-variant-caps: normal; font-weight: normal; letter-spacing: normal; text-transform: none; white-space: normal; word-spacing: 0px; -webkit-text-stroke-width: 0px;\"><strong>Javier Manzanares<\/strong>, director ejecutivo del GCF, dijo que \u201clos proyectos presentados a los Premios\u00a0<em>Green Champions<\/em>\u00a0<em>GCF<\/em>\u00a0muestran la gran variedad de actividades innovadoras que han sido implementadas con gran coraje y ambici\u00f3n en pa\u00edses en desarrollo con el objetivo de revertir el cambio clim\u00e1tico.\u201d<\/p>\n<p style=\"color: #333333; font-family: 'Droid Serif', Georgia, serif; font-size: 16px; font-style: normal; font-variant-ligatures: normal; font-variant-caps: normal; font-weight: normal; letter-spacing: normal; text-transform: none; white-space: normal; word-spacing: 0px; -webkit-text-stroke-width: 0px;\">\u00abLa magnitud de la crisis clim\u00e1tica es desalentadora\u00bb, dijo Manzanares, \u00abpero las historias de \u00e9xito de los postulantes a los Green Champions GCF nos recuerdan que no estamos solos en esta lucha\u201d.<\/p>\n<p style=\"color: #333333; font-family: 'Droid Serif', Georgia, serif; font-size: 16px; font-style: normal; font-variant-ligatures: normal; font-variant-caps: normal; font-weight: normal; letter-spacing: normal; text-transform: none; white-space: normal; word-spacing: 0px; -webkit-text-stroke-width: 0px;\">Manzanares agreg\u00f3 que \u201cadem\u00e1s de las necesarias acciones gubernamentales, la movilizaci\u00f3n individual es muy importante, porque nos hallamos ante un problema universal. Todos estamos llamados a cooperar en la b\u00fasqueda de soluciones. Las personas reconocidas en este acto representan caminos de esperanza desde los que podremos afrontar este enorme desaf\u00edo.\u201d<\/p>\n<figure id=\"attachment_137106\" class=\"wp-caption aligncenter\" style=\"color: #333333; font-family: 'Droid Serif', Georgia, serif; font-size: 16px; font-style: normal; font-variant-ligatures: normal; font-variant-caps: normal; font-weight: normal; letter-spacing: normal; text-transform: none; white-space: normal; word-spacing: 0px; -webkit-text-stroke-width: 0px;\" aria-describedby=\"caption-attachment-137106\"><img decoding=\"async\" loading=\"lazy\" class=\"size-full wp-image-137106 lazyloaded\" src=\"https:\/\/i1.wp.com\/periodistas-es.com\/wp-content\/uploads\/2019\/12\/Ganadores-GCF-y-Javier-Manzanares.jpg?resize=696%2C522&amp;ssl=1\" sizes=\"(max-width: 696px) 100vw, 696px\" srcset=\"https:\/\/i1.wp.com\/periodistas-es.com\/wp-content\/uploads\/2019\/12\/Ganadores-GCF-y-Javier-Manzanares.jpg?w=700&amp;ssl=1 700w, https:\/\/i1.wp.com\/periodistas-es.com\/wp-content\/uploads\/2019\/12\/Ganadores-GCF-y-Javier-Manzanares.jpg?resize=350%2C263&amp;ssl=1 350w, https:\/\/i1.wp.com\/periodistas-es.com\/wp-content\/uploads\/2019\/12\/Ganadores-GCF-y-Javier-Manzanares.jpg?resize=600%2C450&amp;ssl=1 600w, https:\/\/i1.wp.com\/periodistas-es.com\/wp-content\/uploads\/2019\/12\/Ganadores-GCF-y-Javier-Manzanares.jpg?resize=200%2C150&amp;ssl=1 200w, https:\/\/i1.wp.com\/periodistas-es.com\/wp-content\/uploads\/2019\/12\/Ganadores-GCF-y-Javier-Manzanares.jpg?resize=696%2C522&amp;ssl=1 696w\" alt=\"@yosoycomunicacion: foto ganadores y Javier Manzanares.\" width=\"696\" height=\"522\" data-lazy-srcset=\"https:\/\/i1.wp.com\/periodistas-es.com\/wp-content\/uploads\/2019\/12\/Ganadores-GCF-y-Javier-Manzanares.jpg?w=700&amp;ssl=1 700w, https:\/\/i1.wp.com\/periodistas-es.com\/wp-content\/uploads\/2019\/12\/Ganadores-GCF-y-Javier-Manzanares.jpg?resize=350%2C263&amp;ssl=1 350w, https:\/\/i1.wp.com\/periodistas-es.com\/wp-content\/uploads\/2019\/12\/Ganadores-GCF-y-Javier-Manzanares.jpg?resize=600%2C450&amp;ssl=1 600w, https:\/\/i1.wp.com\/periodistas-es.com\/wp-content\/uploads\/2019\/12\/Ganadores-GCF-y-Javier-Manzanares.jpg?resize=200%2C150&amp;ssl=1 200w, https:\/\/i1.wp.com\/periodistas-es.com\/wp-content\/uploads\/2019\/12\/Ganadores-GCF-y-Javier-Manzanares.jpg?resize=696%2C522&amp;ssl=1 696w\" data-lazy-sizes=\"(max-width: 696px) 100vw, 696px\" data-recalc-dims=\"1\" data-lazy-src=\"https:\/\/i1.wp.com\/periodistas-es.com\/wp-content\/uploads\/2019\/12\/Ganadores-GCF-y-Javier-Manzanares.jpg?resize=696%2C522&amp;ssl=1\" data-was-processed=\"true\" \/>\n<p>\u00a0<\/p>\n<p><em><span style=\"color: #999999;\">@yosoycomunicacion: foto ganadores y Javier Manzanares.<\/span><\/em><\/p>\n<\/figure>\n<h2 style=\"color: #333333; font-family: 'Droid Serif', Georgia, serif; font-size: 16px; font-style: normal; font-variant-ligatures: normal; font-variant-caps: normal; font-weight: normal; letter-spacing: normal; text-transform: none; white-space: normal; word-spacing: 0px; -webkit-text-stroke-width: 0px;\">Premios Green Champions GCF<strong><a href=\"https:\/\/i1.wp.com\/globalimpactnews.com\/wp-content\/uploads\/2019\/12\/iisd-enb-cop-25-side-events-6-dec-madrid-43.jpg?ssl=1\"><img decoding=\"async\" loading=\"lazy\" class=\"alignleft size-full wp-image-1389\" src=\"http:\/\/www.foragua.org\/wp-content\/uploads\/2017\/07\/premio-v.png\" alt=\"\" width=\"505\" height=\"405\" srcset=\"http:\/\/www.foragua.org\/wp-content\/uploads\/2017\/07\/premio-v.png 505w, http:\/\/www.foragua.org\/wp-content\/uploads\/2017\/07\/premio-v-300x241.png 300w\" sizes=\"(max-width: 505px) 100vw, 505px\" \/><\/a><\/strong><\/h2>\n<p style=\"color: #333333; font-family: 'Droid Serif', Georgia, serif; font-size: 16px; font-style: normal; font-variant-ligatures: normal; font-variant-caps: normal; font-weight: normal; letter-spacing: normal; text-transform: none; white-space: normal; word-spacing: 0px; -webkit-text-stroke-width: 0px;\"><strong><span style=\"color: #000000;\"><em>Francisco Gordillo,<\/em><em> Campe\u00f3n Toda una Vida, es un investigador ecuatoriano enfocado en la promoci\u00f3n de la resistencia clim\u00e1tica a trav\u00e9s de la conservaci\u00f3n del agua, evitando la contaminaci\u00f3n en los r\u00edos en las cuencas binacionales de Ecuador y Per\u00fa, estudios realizados desde el a\u00f1o 2003 como docente investigador de la UTPL.<\/em><\/span><\/strong><\/p>\n<p>https:\/\/www.facebook.com\/GCFOfficial\/photos\/a.1926001920768490\/2576235099078499\/?type=3&#038;theater<\/p>\n<p style=\"color: #333333; font-family: 'Droid Serif', Georgia, serif; font-size: 16px; font-style: normal; font-variant-ligatures: normal; font-variant-caps: normal; font-weight: normal; letter-spacing: normal; text-transform: none; white-space: normal; word-spacing: 0px; -webkit-text-stroke-width: 0px;\">Como Secretario T\u00e9cnico del Fondo Regional del Agua, <em>FORAGUA<\/em><strong>\u00a0<\/strong>que bajo su liderazgo ha logrado la conservaci\u00f3n de 337.000 hect\u00e1reas, que busca garantizar el suministro de agua para m\u00e1s de 600.000 personas en 14 municipios.\u00a0 Su gesti\u00f3n en <em>FORAGUA,<\/em> es apoyar a los municipios para la creaci\u00f3n de mecanismos de gobernanza del agua y la consecuci\u00f3n de nuevos fondos para mejorar la distribuci\u00f3n del agua por todo el pa\u00eds y naciones vecinas.<a href=\"http:\/\/www.foragua.org\/wp-content\/uploads\/2017\/07\/FB_IMG_1577572128040-e1644084112602.jpg\"><img decoding=\"async\" src=\"http:\/\/www.foragua.org\/wp-content\/uploads\/2022\/02\/Producion-Sostenible-1024x547.png\" alt=\"La imagen tiene un atributo ALT vac\u00edo; su nombre de archivo es Producion-Sostenible-1024x547.png\" \/><img decoding=\"async\" loading=\"lazy\" class=\"alignleft wp-image-1716 size-large\" src=\"http:\/\/www.foragua.org\/wp-content\/uploads\/2017\/07\/FB_IMG_1577572128040-1024x738.jpg\" alt=\"\" width=\"656\" height=\"473\" \/><\/a><\/p>\n<p style=\"color: #333333; font-family: 'Droid Serif', Georgia, serif; font-size: 16px; font-style: normal; font-variant-ligatures: normal; font-variant-caps: normal; font-weight: normal; letter-spacing: normal; text-transform: none; white-space: normal; word-spacing: 0px; -webkit-text-stroke-width: 0px;\"><span style=\"color: #999999;\"><b style=\"font-style: normal; color: #999999; font-family: 'Droid Serif', Georgia, serif; font-size: 16px; font-variant-ligatures: normal; font-variant-caps: normal; font-weight: normal; letter-spacing: normal; text-transform: none; white-space: normal; word-spacing: 0px; -webkit-text-stroke-width: 0px;\">Junto al <\/b><span style=\"font-style: italic; color: #999999; font-family: Droid Serif, Georgia, serif;\"><b>pueblo<\/b><\/span><b style=\"color: #999999; font-family: 'Droid Serif', Georgia, serif; font-size: 16px; font-style: normal; font-variant-ligatures: normal; font-variant-caps: normal; font-weight: normal; letter-spacing: normal; text-transform: none; white-space: normal; word-spacing: 0px; -webkit-text-stroke-width: 0px;\"> shuar,\u00a0 en el <\/b><span style=\"color: #999999; font-family: Droid Serif, Georgia, serif;\">cant\u00f3n<\/span><b style=\"color: #999999; font-family: 'Droid Serif', Georgia, serif; font-size: 16px; font-style: normal; font-variant-ligatures: normal; font-variant-caps: normal; font-weight: normal; letter-spacing: normal; text-transform: none; white-space: normal; word-spacing: 0px; -webkit-text-stroke-width: 0px;\"> El Pangui en la plena amazonia al sur de Ecuador celebrando el premio verde <\/b><span style=\"color: #999999; font-family: Droid Serif, Georgia, serif;\">otorgado<\/span><b style=\"color: #999999; font-family: 'Droid Serif', Georgia, serif; font-size: 16px; font-style: normal; font-variant-ligatures: normal; font-variant-caps: normal; font-weight: normal; letter-spacing: normal; text-transform: none; white-space: normal; word-spacing: 0px; -webkit-text-stroke-width: 0px;\"> a FORAGUA.<\/b><\/span><\/p>\n<p style=\"color: #333333; font-family: 'Droid Serif', Georgia, serif; font-size: 16px; font-style: normal; font-variant-ligatures: normal; font-variant-caps: normal; font-weight: normal; letter-spacing: normal; text-transform: none; white-space: normal; word-spacing: 0px; -webkit-text-stroke-width: 0px;\"><strong style=\"color: #333333; font-family: 'Droid Serif', Georgia, serif; font-size: 16px; font-style: normal; font-variant-ligatures: normal; font-variant-caps: normal; font-weight: normal; letter-spacing: normal; text-transform: none; white-space: normal; word-spacing: 0px; -webkit-text-stroke-width: 0px;\">Gordillo<\/strong><span style=\"color: #333333; font-family: Droid Serif, Georgia, serif;\"> tambi\u00e9n propuso junto a NCI-UTPL-SENAGUA, la <\/span><span style=\"color: #333333; font-family: Droid Serif, Georgia, serif;\">Escuela del Agua, pero enfatiza en la necesidad de lograr Acuerdos de Conservaci\u00f3n con los propietarios, bajo un esquema de incentivos permanentes de producci\u00f3n sostenible con cultivos con prop\u00f3sito\u00a0para <i>transformar<\/i>\u00a0a los propietarios en conservacionistas. Con este enfoque se busca que <\/span><span style=\"color: #333333; font-family: Droid Serif, Georgia, serif;\">propietarios y comunidades restauren y protejan total de las fuentes bajo un nuevo mecanismo.<\/span><\/p>\n<p style=\"color: #333333; font-family: 'Droid Serif', Georgia, serif; font-size: 16px; font-style: normal; font-variant-ligatures: normal; font-variant-caps: normal; font-weight: normal; letter-spacing: normal; text-transform: none; white-space: normal; word-spacing: 0px; -webkit-text-stroke-width: 0px;\">El jurado que ha nombrado a los premiados ha estado compuesto por\u00a0<strong>Ricardo Lagos,\u00a0<\/strong>expresidente de Chile;\u00a0<strong>Claudia Dobles Camargo<\/strong>, primera dama de Costa Rica;\u00a0<strong>Loren Legarda<\/strong>, portavoz adjunto de Filipinas;\u00a0<strong>Anne Hidalgo<\/strong>, alcaldesa de Par\u00eds;\u00a0<strong>Patricia Espinosa<\/strong>, secretaria ejecutiva de la Convenci\u00f3n de Naciones Unidas para el Cambio Clim\u00e1tico;\u00a0<strong>Youba Sokana<\/strong>, vicepresidente del grupo intergubernamental de expertos de cambio clim\u00e1tico;\u00a0<strong>Claudia Mart\u00ednez<\/strong>, miembro del panel t\u00e9cnico asesor independiente (ITAP);\u00a0<strong>Inderpreet Wadhwa<\/strong>, experto, grupo asesor del sector privado y\u00a0<strong>Mary Jane Enchill<\/strong>, representante juvenil por Naciones Unidas.<\/p>\n<p style=\"color: #333333; font-family: 'Droid Serif', Georgia, serif; font-size: 16px; font-style: normal; font-variant-ligatures: normal; font-variant-caps: normal; font-weight: normal; letter-spacing: normal; text-transform: none; white-space: normal; word-spacing: 0px; -webkit-text-stroke-width: 0px;\"><a href=\"http:\/\/www.foragua.org\/wp-content\/uploads\/2017\/07\/Premio-GCF.jpeg\"><img decoding=\"async\" loading=\"lazy\" class=\"alignleft size-large wp-image-1788\" src=\"http:\/\/www.foragua.org\/wp-content\/uploads\/2017\/07\/Premio-GCF-768x1024.jpeg\" alt=\"\" width=\"656\" height=\"875\" srcset=\"http:\/\/www.foragua.org\/wp-content\/uploads\/2017\/07\/Premio-GCF-768x1024.jpeg 768w, http:\/\/www.foragua.org\/wp-content\/uploads\/2017\/07\/Premio-GCF-225x300.jpeg 225w, http:\/\/www.foragua.org\/wp-content\/uploads\/2017\/07\/Premio-GCF.jpeg 960w\" sizes=\"(max-width: 656px) 100vw, 656px\" \/><\/a><\/p>\n<\/div>\n<p style=\"color: #333333; font-family: 'Droid Serif', Georgia, serif; font-size: 16px; font-style: normal; font-variant-ligatures: normal; font-variant-caps: normal; font-weight: normal; letter-spacing: normal; text-transform: none; white-space: normal; word-spacing: 0px; -webkit-text-stroke-width: 0px;\">\u00a0<\/p>\n<p style=\"color: #333333; font-family: 'Droid Serif', Georgia, serif; font-size: 16px; font-style: normal; font-variant-ligatures: normal; font-variant-caps: normal; font-weight: normal; letter-spacing: normal; text-transform: none; white-space: normal; word-spacing: 0px; -webkit-text-stroke-width: 0px;\">\u00a0<\/p>\n<p style=\"color: #333333; font-family: 'Droid Serif', Georgia, serif; font-size: 16px; font-style: normal; font-variant-ligatures: normal; font-variant-caps: normal; font-weight: normal; letter-spacing: normal; text-transform: none; white-space: normal; word-spacing: 0px; -webkit-text-stroke-width: 0px;\">\u00a0<\/p>\n<p style=\"color: #333333; font-family: 'Droid Serif', Georgia, serif; font-size: 16px; font-style: normal; font-variant-ligatures: normal; font-variant-caps: normal; font-weight: normal; letter-spacing: normal; text-transform: none; white-space: normal; word-spacing: 0px; -webkit-text-stroke-width: 0px;\">\u00a0<\/p>\n<p style=\"color: #333333; font-family: 'Droid Serif', Georgia, serif; font-size: 16px; font-style: normal; font-variant-ligatures: normal; font-variant-caps: normal; font-weight: normal; letter-spacing: normal; text-transform: none; white-space: normal; word-spacing: 0px; -webkit-text-stroke-width: 0px;\">\u00a0<\/p>\n<p style=\"color: #333333; font-family: 'Droid Serif', Georgia, serif; font-size: 16px; font-style: normal; font-variant-ligatures: normal; font-variant-caps: normal; font-weight: normal; letter-spacing: normal; text-transform: none; white-space: normal; word-spacing: 0px; -webkit-text-stroke-width: 0px;\">\u00a0<\/p>\n<p style=\"color: #333333; font-family: 'Droid Serif', Georgia, serif; font-size: 16px; font-style: normal; font-variant-ligatures: normal; font-variant-caps: normal; font-weight: normal; letter-spacing: normal; text-transform: none; white-space: normal; word-spacing: 0px; -webkit-text-stroke-width: 0px;\">\u00a0<\/p>\n<p style=\"color: #333333; font-family: 'Droid Serif', Georgia, serif; font-size: 16px; font-style: normal; font-variant-ligatures: normal; font-variant-caps: normal; font-weight: normal; letter-spacing: normal; text-transform: none; white-space: normal; word-spacing: 0px; -webkit-text-stroke-width: 0px;\">\u00a0<\/p>\n<p style=\"color: #333333; font-family: 'Droid Serif', Georgia, serif; font-size: 16px; font-style: normal; font-variant-ligatures: normal; font-variant-caps: normal; font-weight: normal; letter-spacing: normal; text-transform: none; white-space: normal; word-spacing: 0px; -webkit-text-stroke-width: 0px;\">\u00a0<\/p>\n<p style=\"color: #333333; font-family: 'Droid Serif', Georgia, serif; font-size: 16px; font-style: normal; font-variant-ligatures: normal; font-variant-caps: normal; font-weight: normal; letter-spacing: normal; text-transform: none; white-space: normal; word-spacing: 0px; -webkit-text-stroke-width: 0px;\">\u00a0<\/p>\n<p style=\"color: #333333; font-family: 'Droid Serif', Georgia, serif; font-size: 16px; font-style: normal; font-variant-ligatures: normal; font-variant-caps: normal; font-weight: normal; letter-spacing: normal; text-transform: none; white-space: normal; word-spacing: 0px; -webkit-text-stroke-width: 0px;\">\u00a0<\/p>\n<p style=\"color: #333333; font-family: 'Droid Serif', Georgia, serif; font-size: 16px; font-style: normal; font-variant-ligatures: normal; font-variant-caps: normal; font-weight: normal; letter-spacing: normal; text-transform: none; white-space: normal; word-spacing: 0px; -webkit-text-stroke-width: 0px;\">\u00a0<\/p>\n<p style=\"color: #333333; font-family: 'Droid Serif', Georgia, serif; font-size: 16px; font-style: normal; font-variant-ligatures: normal; font-variant-caps: normal; font-weight: normal; letter-spacing: normal; text-transform: none; white-space: normal; word-spacing: 0px; -webkit-text-stroke-width: 0px;\">\u00a0<\/p>\n<p style=\"color: #333333; font-family: 'Droid Serif', Georgia, serif; font-size: 16px; font-style: normal; font-variant-ligatures: normal; font-variant-caps: normal; font-weight: normal; letter-spacing: normal; text-transform: none; white-space: normal; word-spacing: 0px; -webkit-text-stroke-width: 0px;\"><a href=\"http:\/\/www.foragua.org\/wp-content\/uploads\/2017\/07\/Logo-Green-Champions.png\"><img decoding=\"async\" loading=\"lazy\" class=\"alignleft size-large wp-image-1387\" src=\"http:\/\/www.foragua.org\/wp-content\/uploads\/2017\/07\/Logo-Green-Champions-1024x261.png\" alt=\"\" width=\"656\" height=\"167\" srcset=\"http:\/\/www.foragua.org\/wp-content\/uploads\/2017\/07\/Logo-Green-Champions-1024x261.png 1024w, http:\/\/www.foragua.org\/wp-content\/uploads\/2017\/07\/Logo-Green-Champions-300x76.png 300w, http:\/\/www.foragua.org\/wp-content\/uploads\/2017\/07\/Logo-Green-Champions-768x195.png 768w, http:\/\/www.foragua.org\/wp-content\/uploads\/2017\/07\/Logo-Green-Champions-1536x391.png 1536w, http:\/\/www.foragua.org\/wp-content\/uploads\/2017\/07\/Logo-Green-Champions.png 1540w\" sizes=\"(max-width: 656px) 100vw, 656px\" \/><\/a><\/p>\n<p style=\"color: #333333; font-family: 'Droid Serif', Georgia, serif; font-size: 16px; font-style: normal; font-variant-ligatures: normal; font-variant-caps: normal; font-weight: normal; letter-spacing: normal; text-transform: none; white-space: normal; word-spacing: 0px; -webkit-text-stroke-width: 0px;\">\u00a0<\/p>\n<p style=\"color: #333333; font-family: 'Droid Serif', Georgia, serif; font-size: 16px; font-style: normal; font-variant-ligatures: normal; font-variant-caps: normal; font-weight: normal; letter-spacing: normal; text-transform: none; white-space: normal; word-spacing: 0px; -webkit-text-stroke-width: 0px;\">\u00a0<\/p>\n<p style=\"color: #333333; font-family: 'Droid Serif', Georgia, serif; font-size: 16px; font-style: normal; font-variant-ligatures: normal; font-variant-caps: normal; font-weight: normal; letter-spacing: normal; text-transform: none; white-space: normal; word-spacing: 0px; -webkit-text-stroke-width: 0px;\">\u00a0<\/p>\n<p style=\"color: #333333; font-family: 'Droid Serif', Georgia, serif; font-size: 16px; font-style: normal; font-variant-ligatures: normal; font-variant-caps: normal; font-weight: normal; letter-spacing: normal; text-transform: none; white-space: normal; word-spacing: 0px; -webkit-text-stroke-width: 0px;\">\u00a0<\/p>\n<p>https:\/\/www.facebook.com\/intinetwork.tv\/videos\/737440763441430\/<\/p>\n<p style=\"font-weight: normal;\">\u00a0<\/p>\n<p style=\"text-align: justify;\"><iframe loading=\"lazy\" src=\"https:\/\/www.youtube.com\/embed\/xadDF5AlMJo\" width=\"639\" height=\"360\" frameborder=\"0\" allowfullscreen=\"allowfullscreen\"><\/iframe><\/p>\n<\/div>\n<\/div>\n<p><!--more--><\/p>\n<p><iframe loading=\"lazy\" src=\"https:\/\/player.vimeo.com\/video\/220329474?autoplay=1\" width=\"640\" height=\"360\" frameborder=\"0\" allowfullscreen=\"allowfullscreen\"><\/iframe><a href=\"https:\/\/vimeo.com\/220329474\">\u00bfPor qu\u00e9 el Amazonas es tan importante?<\/a> from <a href=\"https:\/\/vimeo.com\/gaiaamazonas\">Fundaci\u00f3n Gaia Amazonas<\/a> on <a href=\"https:\/\/vimeo.com\">Vimeo<\/a>.<\/p>\n\n\n<figure class=\"wp-block-gallery has-nested-images columns-default is-cropped wp-block-gallery-1 is-layout-flex\"><\/figure>\n\n\n\n<figure class=\"wp-block-image\"><img alt=\"\"\/><\/figure>\n\n\n\n<figure class=\"wp-block-image\"><img alt=\"\"\/><\/figure>\n\n\n\n<figure class=\"wp-block-image\"><img alt=\"\"\/><\/figure>\n\n\n\n<figure class=\"wp-block-image\"><img alt=\"\"\/><\/figure>\n\n\n\n<figure class=\"wp-block-image\"><img alt=\"\"\/><\/figure>\n\n\n\n<figure class=\"wp-block-image\"><img alt=\"\"\/><\/figure>\n\n\n\n<figure class=\"wp-block-image\"><img alt=\"\"\/><\/figure>\n\n\n\n<figure class=\"wp-block-image\"><img alt=\"\"\/><\/figure>\n\n\n\n<figure class=\"wp-block-image\"><img alt=\"\"\/><\/figure>\n\n\n\n<figure class=\"wp-block-gallery has-nested-images columns-default is-cropped wp-block-gallery-3 is-layout-flex\"><\/figure>\n\n\n\n<figure class=\"wp-block-image\"><img alt=\"\"\/><\/figure>\n\n\n\n<figure class=\"wp-block-gallery has-nested-images columns-default is-cropped wp-block-gallery-5 is-layout-flex\"><\/figure>\n\n\n\n<figure class=\"wp-block-gallery has-nested-images columns-default is-cropped wp-block-gallery-7 is-layout-flex\"><\/figure>\n\n\n\n<figure class=\"wp-block-gallery has-nested-images columns-default is-cropped wp-block-gallery-9 is-layout-flex\"><\/figure>\n\n\n\n<figure class=\"wp-block-gallery has-nested-images columns-default is-cropped wp-block-gallery-11 is-layout-flex\"><\/figure>\n\n\n\n<figure class=\"wp-block-image\"><img alt=\"\"\/><\/figure>\n\n\n\n<figure class=\"wp-block-image\"><img alt=\"\"\/><\/figure>\n\n\n\n<figure class=\"wp-block-image\"><img alt=\"\"\/><\/figure>\n\n\n\n<figure class=\"wp-block-image\"><img alt=\"\"\/><\/figure>\n\n\n\n<figure class=\"wp-block-image\"><img alt=\"\"\/><\/figure>\n\n\n\n<figure class=\"wp-block-image\"><img alt=\"\"\/><\/figure>\n\n\n\n<figure class=\"wp-block-image\"><img alt=\"\"\/><\/figure>\n\n\n\n<figure class=\"wp-block-image size-large\"><img decoding=\"async\" loading=\"lazy\" width=\"1024\" height=\"547\" src=\"http:\/\/www.foragua.org\/wp-content\/uploads\/2022\/02\/Producion-Sostenible-1024x547.png\" alt=\"\" class=\"wp-image-2161\" srcset=\"http:\/\/www.foragua.org\/wp-content\/uploads\/2022\/02\/Producion-Sostenible-1024x547.png 1024w, http:\/\/www.foragua.org\/wp-content\/uploads\/2022\/02\/Producion-Sostenible-300x160.png 300w, http:\/\/www.foragua.org\/wp-content\/uploads\/2022\/02\/Producion-Sostenible-768x410.png 768w, http:\/\/www.foragua.org\/wp-content\/uploads\/2022\/02\/Producion-Sostenible-1536x820.png 1536w, http:\/\/www.foragua.org\/wp-content\/uploads\/2022\/02\/Producion-Sostenible.png 1981w\" sizes=\"(max-width: 1024px) 100vw, 1024px\" \/><figcaption class=\"wp-element-caption\">Mecanismo de capitalizaci\u00f3n de recursos a trav\u00e9s de la producci\u00f3n sostenible <\/figcaption><\/figure>\n\n\n\n<figure class=\"wp-block-image size-large\"><img decoding=\"async\" loading=\"lazy\" width=\"1024\" height=\"445\" src=\"http:\/\/www.foragua.org\/wp-content\/uploads\/2022\/02\/Mecanismo-produci\u00f3n-sotenible-1024x445.png\" alt=\"\" class=\"wp-image-2164\" srcset=\"http:\/\/www.foragua.org\/wp-content\/uploads\/2022\/02\/Mecanismo-produci\u00f3n-sotenible-1024x445.png 1024w, http:\/\/www.foragua.org\/wp-content\/uploads\/2022\/02\/Mecanismo-produci\u00f3n-sotenible-300x130.png 300w, http:\/\/www.foragua.org\/wp-content\/uploads\/2022\/02\/Mecanismo-produci\u00f3n-sotenible-768x334.png 768w, http:\/\/www.foragua.org\/wp-content\/uploads\/2022\/02\/Mecanismo-produci\u00f3n-sotenible-1536x668.png 1536w, http:\/\/www.foragua.org\/wp-content\/uploads\/2022\/02\/Mecanismo-produci\u00f3n-sotenible.png 1941w\" sizes=\"(max-width: 1024px) 100vw, 1024px\" \/><figcaption class=\"wp-element-caption\">Plan piloto de producci\u00f3n de guan\u00e1bana bajo el mecanismo propuesto por nuestro Green Champions Francisco Gordillo.<\/figcaption><\/figure>\n\n\n\n<ul class=\"wp-block-social-links is-style-logos-only is-layout-flex\"><li class=\"wp-social-link wp-social-link-wordpress wp-block-social-link\"><a href=\"https:\/\/wordpress.org\" class=\"wp-block-social-link-anchor\"><svg width=\"24\" height=\"24\" viewBox=\"0 0 24 24\" version=\"1.1\" xmlns=\"http:\/\/www.w3.org\/2000\/svg\" aria-hidden=\"true\" focusable=\"false\"><path d=\"M12.158,12.786L9.46,20.625c0.806,0.237,1.657,0.366,2.54,0.366c1.047,0,2.051-0.181,2.986-0.51 c-0.024-0.038-0.046-0.079-0.065-0.124L12.158,12.786z M3.009,12c0,3.559,2.068,6.634,5.067,8.092L3.788,8.341 C3.289,9.459,3.009,10.696,3.009,12z M18.069,11.546c0-1.112-0.399-1.881-0.741-2.48c-0.456-0.741-0.883-1.368-0.883-2.109 c0-0.826,0.627-1.596,1.51-1.596c0.04,0,0.078,0.005,0.116,0.007C16.472,3.904,14.34,3.009,12,3.009 c-3.141,0-5.904,1.612-7.512,4.052c0.211,0.007,0.41,0.011,0.579,0.011c0.94,0,2.396-0.114,2.396-0.114 C7.947,6.93,8.004,7.642,7.52,7.699c0,0-0.487,0.057-1.029,0.085l3.274,9.739l1.968-5.901l-1.401-3.838 C9.848,7.756,9.389,7.699,9.389,7.699C8.904,7.67,8.961,6.93,9.446,6.958c0,0,1.484,0.114,2.368,0.114 c0.94,0,2.397-0.114,2.397-0.114c0.485-0.028,0.542,0.684,0.057,0.741c0,0-0.488,0.057-1.029,0.085l3.249,9.665l0.897-2.996 C17.841,13.284,18.069,12.316,18.069,11.546z M19.889,7.686c0.039,0.286,0.06,0.593,0.06,0.924c0,0.912-0.171,1.938-0.684,3.22 l-2.746,7.94c2.673-1.558,4.47-4.454,4.47-7.771C20.991,10.436,20.591,8.967,19.889,7.686z M12,22C6.486,22,2,17.514,2,12 C2,6.486,6.486,2,12,2c5.514,0,10,4.486,10,10C22,17.514,17.514,22,12,22z\"><\/path><\/svg><span class=\"wp-block-social-link-label screen-reader-text\">WordPress<\/span><\/a><\/li>\n\n\n\n\n\n\n\n\n\n<\/ul>\n\n\n\n<p><\/p>\n","protected":false},"excerpt":{"rendered":"<p>EL SECRETARIO T\u00c9CNICO ES EL GREEN CHAMPION DEL Green Climate Fund en la COP25 \u00a0 El\u00a0Green Climate Fund\u00a0(GCF) es el fondo m\u00e1s grande del mundo dedicado a combatir el cambio clim\u00e1tico. Naci\u00f3 en 2010 en el marco de la\u00a0Convenci\u00f3n Marco de las Naciones Unidas sobre Cambio Clim\u00e1tico\u00a0para convertir en acciones clim\u00e1ticas planes innovadores inspirados en [&hellip;]<\/p>\n","protected":false},"author":1,"featured_media":2159,"comment_status":"closed","ping_status":"closed","sticky":true,"template":"","format":"image","meta":[],"categories":[1],"tags":[13],"_links":{"self":[{"href":"http:\/\/www.foragua.org\/index.php?rest_route=\/wp\/v2\/posts\/693"}],"collection":[{"href":"http:\/\/www.foragua.org\/index.php?rest_route=\/wp\/v2\/posts"}],"about":[{"href":"http:\/\/www.foragua.org\/index.php?rest_route=\/wp\/v2\/types\/post"}],"author":[{"embeddable":true,"href":"http:\/\/www.foragua.org\/index.php?rest_route=\/wp\/v2\/users\/1"}],"replies":[{"embeddable":true,"href":"http:\/\/www.foragua.org\/index.php?rest_route=%2Fwp%2Fv2%2Fcomments&post=693"}],"version-history":[{"count":72,"href":"http:\/\/www.foragua.org\/index.php?rest_route=\/wp\/v2\/posts\/693\/revisions"}],"predecessor-version":[{"id":2216,"href":"http:\/\/www.foragua.org\/index.php?rest_route=\/wp\/v2\/posts\/693\/revisions\/2216"}],"wp:featuredmedia":[{"embeddable":true,"href":"http:\/\/www.foragua.org\/index.php?rest_route=\/wp\/v2\/media\/2159"}],"wp:attachment":[{"href":"http:\/\/www.foragua.org\/index.php?rest_route=%2Fwp%2Fv2%2Fmedia&parent=693"}],"wp:term":[{"taxonomy":"category","embeddable":true,"href":"http:\/\/www.foragua.org\/index.php?rest_route=%2Fwp%2Fv2%2Fcategories&post=693"},{"taxonomy":"post_tag","embeddable":true,"href":"http:\/\/www.foragua.org\/index.php?rest_route=%2Fwp%2Fv2%2Ftags&post=693"}],"curies":[{"name":"wp","href":"https:\/\/api.w.org\/{rel}","templated":true}]}}